{"id":8008,"date":"2023-12-01T13:30:35","date_gmt":"2023-12-01T13:30:35","guid":{"rendered":"https:\/\/www.rjtc.lv\/?p=8008"},"modified":"2023-12-01T15:51:55","modified_gmt":"2023-12-01T15:51:55","slug":"ziemassvetku-radosas-darbnicas-bisumuiza","status":"publish","type":"post","link":"https:\/\/www.rjtc.lv\/?p=8008","title":{"rendered":"Ziemassv\u0113tku rado\u0161\u0101s darbn\u012bcas Bi\u0161umui\u017e\u0101"},"content":{"rendered":"\n<p>Par trad\u012bciju k\u013cuvu\u0161\u0101s Ziemassv\u0113tku rado\u0161\u0101s darbn\u012bcas Bi\u0161umui\u017e\u0101 ir sv\u0113tki, kuru laik\u0101 apmekl\u0113t\u0101jiem b\u016bs iesp\u0113ja izgatavot sirsn\u012bgas un skaistas d\u0101vanas gan sev, gan saviem tuv\u0101kajiem radiem un draugiem. Darbn\u012bcu pievienot\u0101 v\u0113rt\u012bba ir meistari, kuri ikdien\u0101 vada k\u0101du no R\u012bgas Jauno tehni\u0137u centra pulci\u0146iem, bet \u0161aj\u0101 sv\u0113tku laik\u0101 ikvienam pied\u0101v\u0101s iesp\u0113ju \u012bs\u0101 laik\u0101 apg\u016bt k\u0101du rado\u0161u prasmi, piem\u0113ram, izgatavot k\u0101du skaistu rot\u0101jumu Ziemassv\u0113tku egl\u012btei, \u012bpa\u0161a dizaina apsveikuma karti\u0146as, galda noform\u0113jumus vai pie kam\u012bna karin\u0101m\u0101s Ziemassv\u0113tku ze\u0137es. Sv\u0113tku laik\u0101 darbosies da\u017e\u0101das rado\u0161\u0101s darbn\u012bcas, pie tam vien\u0101 no t\u0101m b\u016bs iesp\u0113ja ar k\u0101du skaistu dziesmu vai dzejoli iepriecin\u0101t pa\u0161u Ziemassv\u0113tku vec\u012bti!<\/p>\n\n\n\n<p><strong>&nbsp;Ziemassv\u0113tku rado\u0161\u0101s darbn\u012bcas Bi\u0161umui\u017e\u0101 ir sv\u0113tki, kuru laik\u0101 atkl\u0101t jaunus talantus sev\u012b un izm\u0113\u0123in\u0101t ko jaunu.<\/strong><\/p>\n\n\n\n<figure class=\"wp-block-image size-large\"><a href=\"https:\/\/www.rjtc.lv\/wp-content\/uploads\/2023\/11\/ziemassvetki-2023-2024-scaled.jpg\"><img loading=\"lazy\" decoding=\"async\" width=\"1024\" height=\"724\" src=\"https:\/\/www.rjtc.lv\/wp-content\/uploads\/2023\/11\/ziemassvetki-2023-2024-1024x724.jpg\" alt=\"\" class=\"wp-image-7964\" srcset=\"https:\/\/www.rjtc.lv\/wp-content\/uploads\/2023\/11\/ziemassvetki-2023-2024-1024x724.jpg 1024w, https:\/\/www.rjtc.lv\/wp-content\/uploads\/2023\/11\/ziemassvetki-2023-2024-300x212.jpg 300w, https:\/\/www.rjtc.lv\/wp-content\/uploads\/2023\/11\/ziemassvetki-2023-2024-768x543.jpg 768w, https:\/\/www.rjtc.lv\/wp-content\/uploads\/2023\/11\/ziemassvetki-2023-2024-1536x1086.jpg 1536w, https:\/\/www.rjtc.lv\/wp-content\/uploads\/2023\/11\/ziemassvetki-2023-2024-2048x1448.jpg 2048w\" sizes=\"auto, (max-width: 1024px) 100vw, 1024px\" \/><\/a><\/figure>\n\n\n\n<p>M\u012b\u013ci gaid\u012bsim visus uz sv\u0113tku \u201cZiemassv\u0113tku rado\u0161\u0101s darbn\u012bcas Bi\u0161umui\u017e\u0101\u201d svin\u012bb\u0101m piektdien, 2023. gada <strong>8.decembr\u012b R\u012bgas Jauno tehni\u0137u centr\u0101<\/strong> Bauskas iel\u0101 88. Sv\u0113tki s\u0101ksies&nbsp;<strong>16.00<\/strong>&nbsp;ar RJTC direktores uzrunu pagalm\u0101 pie LIEL\u0100S Ziemassv\u0113tku egles, kam sekos kop\u012bga blu\u0137a vilk\u0161ana un dedzin\u0101\u0161ana, kas, iesp\u0113jams, ir viena no sen\u0101kaj\u0101m Ziemassv\u0113tku ritu\u0101laj\u0101m noris\u0113m, kas simboliz\u0113 Saules un gaismas aug\u0161upeju. Lai sasild\u012btu nosalu\u0161os degunus (jo \u0101r\u0101 sol\u0101s b\u016bt skaisti ziem\u012bgs laiks), svin\u012bg\u0101s pas\u0101kuma atkl\u0101\u0161anas un blu\u0137a vilk\u0161anas visi pas\u0101kuma apmekl\u0113t\u0101ji tiks cien\u0101ti ar karsto Ziemassv\u0113tku dz\u0113rienu un aicin\u0101ti doties iek\u0161telp\u0101s uz sv\u0113tku svin\u012bb\u0101m.<\/p>\n\n\n\n<p><strong>16.30<\/strong>&nbsp;aktu z\u0101l\u0113 uz Ziemassv\u0113tku sveicienu aicin\u0101s RJTC maz\u0101kie dejot\u0101ji.<\/p>\n\n\n\n<p>1.st\u0101va gaiten\u012b tirgot\u0101ji pas\u0101kuma apmekl\u0113t\u0101jus aicin\u0101s nobaud\u012bt savus pa\u0161darin\u0101jumus, ieg\u0101d\u0101ties k\u0101du sv\u0113tku rot\u0101jumu un pat ieg\u016bt k\u0101du \u0137erme\u0146a apgleznojumu no hennas.<\/p>\n\n\n\n<p>Vec\u0101kiem b\u016bs iesp\u0113ja mieloties ar gardu un skaistu kafiju no Baristas \ud83d\ude0a<\/p>\n\n\n\n<p>RJTC aktu z\u0101l\u0113 pas\u0101kuma apmekl\u0113t\u0101jiem b\u016bs iesp\u0113ja darboties da\u017e\u0101d\u0101s rado\u0161aj\u0101s darbn\u012bc\u0101s:<\/p>\n\n\n\n<ul class=\"wp-block-list\">\n<li>Ziemassv\u0113tku ze\u0137u darbn\u012bca;<\/li>\n\n\n\n<li>Apsveikumu karti\u0146u darbn\u012bca;<\/li>\n\n\n\n<li>Zvaig\u017e\u0146u darbn\u012bca;<\/li>\n\n\n\n<li>Ziemassv\u0113tku galda rot\u0101jumu darbn\u012bca;<\/li>\n\n\n\n<li>Egl\u012b\u0161u rot\u0101jumu darbn\u012bca\u2026<\/li>\n<\/ul>\n\n\n\n<p>R\u012bgas Jauno tehni\u0137u centr\u0101 sv\u0113tku svin\u012bbu laik\u0101 b\u016bs iesp\u0113ja satikt ar\u012b Ziemassv\u0113tku vec\u012bti, kur\u0161 vienm\u0113r \u013coti priec\u0101jas par b\u0113rnu skaistajiem dzejo\u013ciem, dziesm\u0101m un dej\u0101m!<\/p>\n\n\n\n<p><em>Tirgoties grib\u0113t\u0101jus aicin\u0101m pieteikties pie savu pulci\u0146u skolot\u0101jiem l\u012bdz<\/em><strong><em>&nbsp;4.decembrim<\/em><\/strong><em> vai uz e-pastu <\/em><a href=\"mailto:smuceniece@edu.riga.lv\">smuceniece@edu.riga.lv<\/a><\/p>\n\n\n\n<p>Uz sv\u0113tku svin\u012bb\u0101m m\u012b\u013ci gaid\u012bsim visus R\u012bgas pils\u0113tas iedz\u012bvot\u0101jus un tas notiks no&nbsp;<strong>16.00 \u2013 18.00<\/strong>.<\/p>\n","protected":false},"excerpt":{"rendered":"<p>Par trad\u012bciju k\u013cuvu\u0161\u0101s Ziemassv\u0113tku rado\u0161\u0101s darbn\u012bcas Bi\u0161umui\u017e\u0101 ir sv\u0113tki, kuru laik\u0101 apmekl\u0113t\u0101jiem b\u016bs iesp\u0113ja izgatavot sirsn\u012bgas un skaistas d\u0101vanas gan sev, gan saviem tuv\u0101kajiem radiem un draugiem. Darbn\u012bcu pievienot\u0101 v\u0113rt\u012bba ir meistari, kuri ikdien\u0101 vada k\u0101du no R\u012bgas Jauno tehni\u0137u centra pulci\u0146iem, bet \u0161aj\u0101 sv\u0113tku laik\u0101 ikvienam pied\u0101v\u0101s iesp\u0113ju \u012bs\u0101 laik\u0101 apg\u016bt k\u0101du rado\u0161u prasmi, [&hellip;]<\/p>\n","protected":false},"author":4,"featured_media":7964,"comment_status":"closed","ping_status":"closed","sticky":false,"template":"","format":"standard","meta":{"ngg_post_thumbnail":0,"footnotes":""},"categories":[12,16],"tags":[200,255,122,7,43,333],"class_list":["post-8008","post","type-post","status-publish","format-standard","has-post-thumbnail","hentry","category-jaunumi","category-pasakumi","tag-berniem","tag-esesmurjtc","tag-radosas-darbnicas","tag-rjtc","tag-ziemassvetki-bisumuiza","tag-ziemassvetku-tirdzins"],"_links":{"self":[{"href":"https:\/\/www.rjtc.lv\/index.php?rest_route=\/wp\/v2\/posts\/8008","targetHints":{"allow":["GET"]}}],"collection":[{"href":"https:\/\/www.rjtc.lv\/index.php?rest_route=\/wp\/v2\/posts"}],"about":[{"href":"https:\/\/www.rjtc.lv\/index.php?rest_route=\/wp\/v2\/types\/post"}],"author":[{"embeddable":true,"href":"https:\/\/www.rjtc.lv\/index.php?rest_route=\/wp\/v2\/users\/4"}],"replies":[{"embeddable":true,"href":"https:\/\/www.rjtc.lv\/index.php?rest_route=%2Fwp%2Fv2%2Fcomments&post=8008"}],"version-history":[{"count":0,"href":"https:\/\/www.rjtc.lv\/index.php?rest_route=\/wp\/v2\/posts\/8008\/revisions"}],"wp:featuredmedia":[{"embeddable":true,"href":"https:\/\/www.rjtc.lv\/index.php?rest_route=\/wp\/v2\/media\/7964"}],"wp:attachment":[{"href":"https:\/\/www.rjtc.lv\/index.php?rest_route=%2Fwp%2Fv2%2Fmedia&parent=8008"}],"wp:term":[{"taxonomy":"category","embeddable":true,"href":"https:\/\/www.rjtc.lv\/index.php?rest_route=%2Fwp%2Fv2%2Fcategories&post=8008"},{"taxonomy":"post_tag","embeddable":true,"href":"https:\/\/www.rjtc.lv\/index.php?rest_route=%2Fwp%2Fv2%2Ftags&post=8008"}],"curies":[{"name":"wp","href":"https:\/\/api.w.org\/{rel}","templated":true}]}}